{"id":20,"__str__":"CFOF - COMISS\u00c3O DE FINAN\u00c7AS, OR\u00c7AMENTO E FISCALIZA\u00c7\u00c3O","link_detail_backend":"/comissao/20","metadata":{},"nome":"COMISS\u00c3O DE FINAN\u00c7AS, OR\u00c7AMENTO E FISCALIZA\u00c7\u00c3O","sigla":"CFOF","data_criacao":"2025-02-19","data_extincao":null,"apelido_temp":"","data_instalacao_temp":null,"data_final_prevista_temp":null,"data_prorrogada_temp":null,"data_fim_comissao":null,"secretario":"","telefone_reuniao":"","endereco_secretaria":"","telefone_secretaria":"","fax_secretaria":"","agenda_reuniao":"\u00c0s quartas-feiras","local_reuniao":"Sala das Comiss\u00f5es","finalidade":"\u00c9 da compet\u00eancia espec\u00edfica da Comiss\u00e3o de Finan\u00e7as, Or\u00e7amento e Fiscaliza\u00e7\u00e3o:\r\nI - aspectos financeiros e or\u00e7ament\u00e1rios de quaisquer proposi\u00e7\u00f5es, quanto \u00e0 sua compatibilidade e adequa\u00e7\u00e3o com o plano plurianual, a lei de diretrizes or\u00e7ament\u00e1rias e a lei or\u00e7ament\u00e1ria anual;\r\nII - d\u00edvida p\u00fablica, abertura de cr\u00e9dito e opera\u00e7\u00f5es de cr\u00e9dito;\r\nIII - fixa\u00e7\u00e3o do subs\u00eddio dos vereadores, Prefeito, Vice-Prefeito, Secret\u00e1rios do munic\u00edpio e procurador-geral do Munic\u00edpio;\r\nIV - tributa\u00e7\u00e3o, arrecada\u00e7\u00e3o, fiscaliza\u00e7\u00e3o, administra\u00e7\u00e3o fiscal e contribui\u00e7\u00f5es previdenci\u00e1rias e de custeio de servi\u00e7o de ilumina\u00e7\u00e3o p\u00fablica;\r\nV - presta\u00e7\u00e3o de contas da Mesa Diretora, da C\u00e2mara e do Prefeito;\r\nVI - fiscaliza\u00e7\u00e3o cont\u00e1bil, financeira, or\u00e7ament\u00e1ria, operacional e patrimonial do Munic\u00edpio, inclusive dos \u00f3rg\u00e3os e/ou entidades da Administra\u00e7\u00e3o indireta;\r\nVII - plano plurianual, lei de diretrizes or\u00e7ament\u00e1rias, or\u00e7amento anual e projetos de abertura de cr\u00e9ditos adicionais;\r\nVIII - acompanhamento do emprego de dota\u00e7\u00f5es, subs\u00eddios e aux\u00edlios a entidades p\u00fablicas e privadas e respectiva presta\u00e7\u00e3o de contas;\r\nIX - remunera\u00e7\u00e3o e regime jur\u00eddico dos servidores p\u00fablicos.\r\nX - solicitar esclarecimentos \u00e0 autoridade respons\u00e1vel diante de ind\u00edcios de despesas n\u00e3o autorizadas, a serem prestados no prazo de 05 (cinco) dias \u00fateis.","email":"","unidade_deliberativa":true,"ativa":true,"tipo":5}